
{"id":362,"date":"2004-04-28T00:34:43","date_gmt":"2004-04-28T07:34:43","guid":{"rendered":"http:\/\/stefangeens.com\/?p=362"},"modified":"2004-04-28T00:34:43","modified_gmt":"2004-04-28T07:34:43","slug":"behovs-civil-olydnad","status":"publish","type":"post","link":"https:\/\/stefangeens.com\/2001-2013\/2004\/04\/behovs-civil-olydnad\/","title":{"rendered":"Beh\u00f6vs civil olydnad?"},"content":{"rendered":"<p><span class=\"sg-marginalia-250\">Is there a role for civil disobedience in a democracy? Tough question, especially when you have to answer in Swedish. In short, I think there is. Most improvements to functioning democracies have come to us via civil disobedience campaigns: universal suffrage, civil rights, the end of apartheid&#8230;<br \/>&nbsp;<br \/>That said, the difference between civil disobedience and criminality is that the former has to have a moral aim and use non-violent means. And that&#8217;s hard to pull off, actually.<\/span>S\u00e5 m\u00e5nga fel <a href=\"http:\/\/www.stefangeens.com\/000375.html\">f\u00f6rra g\u00e5ngen<\/a>! Jag \u00e4r f\u00f6rv\u00e5nad att ni f\u00f6rst\u00e5dd vad jag ville s\u00e4ger. Men den h\u00e4r veckan kan jag mycket b\u00e4ttre svenska s\u00e5 det kommer at bli mycket l\u00e4ttare f\u00f6r oss alla.<\/p>\n<p>Vad viktiga fr\u00e5gor vi har denna g\u00e5ng p\u00e5 <a href=\"http:\/\/www.ettanolla.com\/fredagsfyran\/index.php?p=41&amp;more=1&amp;c=1\">fredagsfyran<\/a>&#8230; Det \u00e4r inte s\u00e5 l\u00e4tt vara ironisk omkring s\u00e5n filosofisk debatt.<\/p>\n<p><span class=\"posted\">Beh\u00f6vs civil olydnad\/utomparlamentariska aktioner som ett komplement till demokratin? Vet du n\u00e5gra exempel p\u00e5 &#8220;bra&#8221; aktioner?<\/span><\/p>\n<p>Egentligen, ja. De flesta f\u00f6rb\u00e4ttringar i v\u00e5ra demokratier kom efter en fas av civil olydnad: r\u00f6str\u00e4tt f\u00f6r kvinnor, r\u00f6str\u00e4tt f\u00f6r svarta (i USA), oberoende f\u00f6r Indien, motst\u00e5nd till apartheid i Sydafrika&#8230;<\/p>\n<p>Problemet \u00e4r hur vi ska skilja mellan civil olydnad och ren kriminalitet. Civil olydnad b\u00f6r ha en moralisk bas, och b\u00f6r vara ov\u00e5ldsam (? Non-violent). Det \u00e4r fortfarande m\u00f6jligt att jag inte kommer \u00f6verens med id\u00e9er, till exempel de av anti-globalister (som inte f\u00f6rst\u00e5r att de k\u00e4mpar f\u00f6r fattighet i tredje v\u00e4rlden) men om de protesterar fredligt \u2014 avsp\u00e4rrar en G7 m\u00f6te genom att sitta p\u00e5 v\u00e4gen, till exempel \u2014 \u00e4r det helt okej med mig. Vad jag h\u00e5ller inte med, sj\u00e4lvklart, \u00e4r &#8220;reclaim the streets&#8221;-stil vandalismen som vi hade p\u00e5 Stureplan f\u00f6rre \u00e5r.<\/p>\n<p>\u00c4r vandalism mot privat egendom v\u00e5ld? Javisst, det \u00e4r ekonomisk v\u00e5ld mot m\u00e4nniskor. \u00c4ven om du anser att egendom \u00e4r or\u00e4ttvis, kan du inte f\u00f6rneka att f\u00f6rst\u00f6ra saker skadar m\u00e4nniskor. Personligen anser jag att egendom \u00e4r en social tankeskapelse, men vilket \u00e4r ett n\u00f6dv\u00e4ndigt begrepp till en stabil modern civilisation.<\/p>\n<p>\u00c4r vandalismen mot reklamer civil olydnad? Nej, det \u00e4r bara intolerant. Reklam \u00e4r ocks\u00e5 en form av yttrandefrihet. Om du h\u00e5ller inte med, f\u00e5r du protestera, eller k\u00f6pa ditt eget reklam.<\/p>\n<p><span class=\"posted\">Vid vilket (om n\u00e5got) tillf\u00e4lle skulle du sj\u00e4lv kunna t\u00e4nkas delta i en dylik aktion?<\/span><\/p>\n<p>Mot officiella diskriminering mot invandrare, mot l\u00e4nkar mellan staten och kyrka, mot protektionism.<\/p>\n<p><span class=\"posted\">Har du sj\u00e4lv varit civilt olydig?<\/span><\/p>\n<p>Nej, bara kriminell. Det \u00e4r sv\u00e5rt att vara civilt olydig.<\/p>\n","protected":false},"excerpt":{"rendered":"<p>Is there a role for civil disobedience in a democracy? Tough question, especially when you have to answer in Swedish. In short, I think there is. Most improvements to functioning democracies have come to us via civil disobedience campaigns: universal &hellip; <a href=\"https:\/\/stefangeens.com\/2001-2013\/2004\/04\/behovs-civil-olydnad\/\">Continue reading <span class=\"meta-nav\">&rarr;<\/span><\/a><\/p>\n","protected":false},"author":1,"featured_media":0,"comment_status":"open","ping_status":"open","sticky":false,"template":"","format":"standard","meta":{"jetpack_post_was_ever_published":false,"_jetpack_newsletter_access":"","_jetpack_dont_email_post_to_subs":false,"_jetpack_newsletter_tier_id":0,"_jetpack_memberships_contains_paywalled_content":false,"_jetpack_memberships_contains_paid_content":false,"footnotes":"","jetpack_publicize_message":"","jetpack_publicize_feature_enabled":true,"jetpack_social_post_already_shared":false,"jetpack_social_options":{"image_generator_settings":{"template":"highway","default_image_id":0,"font":"","enabled":false},"version":2}},"categories":[7,10],"tags":[],"class_list":["post-362","post","type-post","status-publish","format-standard","hentry","category-politics-economics","category-sweden"],"jetpack_publicize_connections":[],"jetpack_featured_media_url":"","jetpack_sharing_enabled":true,"jetpack_shortlink":"https:\/\/wp.me\/p7eNhC-5Q","jetpack-related-posts":[],"_links":{"self":[{"href":"https:\/\/stefangeens.com\/2001-2013\/wp-json\/wp\/v2\/posts\/362","targetHints":{"allow":["GET"]}}],"collection":[{"href":"https:\/\/stefangeens.com\/2001-2013\/wp-json\/wp\/v2\/posts"}],"about":[{"href":"https:\/\/stefangeens.com\/2001-2013\/wp-json\/wp\/v2\/types\/post"}],"author":[{"embeddable":true,"href":"https:\/\/stefangeens.com\/2001-2013\/wp-json\/wp\/v2\/users\/1"}],"replies":[{"embeddable":true,"href":"https:\/\/stefangeens.com\/2001-2013\/wp-json\/wp\/v2\/comments?post=362"}],"version-history":[{"count":0,"href":"https:\/\/stefangeens.com\/2001-2013\/wp-json\/wp\/v2\/posts\/362\/revisions"}],"wp:attachment":[{"href":"https:\/\/stefangeens.com\/2001-2013\/wp-json\/wp\/v2\/media?parent=362"}],"wp:term":[{"taxonomy":"category","embeddable":true,"href":"https:\/\/stefangeens.com\/2001-2013\/wp-json\/wp\/v2\/categories?post=362"},{"taxonomy":"post_tag","embeddable":true,"href":"https:\/\/stefangeens.com\/2001-2013\/wp-json\/wp\/v2\/tags?post=362"}],"curies":[{"name":"wp","href":"https:\/\/api.w.org\/{rel}","templated":true}]}}